{"id":262,"date":"2021-12-27T23:01:18","date_gmt":"2021-12-27T23:01:18","guid":{"rendered":"http:\/\/murciaenbici.org\/?page_id=44"},"modified":"2022-06-17T11:08:18","modified_gmt":"2022-06-17T11:08:18","slug":"ruta-de-los-belenes-2021","status":"publish","type":"post","link":"http:\/\/murciaenbici.org\/?p=262","title":{"rendered":"Ruta de los Belenes 2021"},"content":{"rendered":"\r\n\r\n\r\n\r\nUn cl\u00e1sico de la Navidad dentro de Mucia en Bici, la Ruta de los Belenes. Este a\u00f1o va a discurrir por la zona Este de Murcia, donde se visitaremos un bel\u00e9n huertano situado en la pedan\u00eda de Monteagudo, para regresar a Murcia capital y poder disfrutar de dos belenes m\u00e1s. Es necesaria la inscripci\u00f3n que se encuentra m\u00e1s abajo\r\n\r\n\r\n\r\n\r\n\r\n<strong>Distancia:<\/strong> 14 km\r\n\r\n\r\n\r\n\r\n\r\n<strong>Nivel:<\/strong> b\u00e1sico\r\n\r\n\r\n\r\n\r\n\r\n<strong>Dificultad t\u00e9cnica:<\/strong> Ninguna, v\u00edas en buen estado, asfaltadas y poco concurridas\r\n\r\n\r\n\r\n\r\n\r\n<a href=\"https:\/\/docs.google.com\/forms\/d\/e\/1FAIpQLScZbJKwoIF1E04i3R1LDGahljdWb_emNAyPPHLlqhFIhFPDKg\/viewform?usp=pp_url\">Inscripci\u00f3n adultos<\/a>\r\n\r\n\r\n\r\n\r\n\r\n<a href=\"https:\/\/docs.google.com\/forms\/d\/e\/1FAIpQLSeE0_CkypDKjIbi8vuxjxLsVvIirTWmA_u-xsx2Ny4EYFqJqA\/viewform?usp=pp_url\">Inscripci\u00f3n menores<\/a>\r\n\r\n\r\n\r\n\r\n\r\n<strong>Recorrido:<\/strong> La salida se encuentra en la Plaza de los Patos (situada en el barrio de Vistabella), nos dirigimos hacia la Pe\u00f1a Huertana &#8220;el Candil&#8221; en Monteagudo, recoriendo los caminos de la parte Este de Murcia, para visitar un belen t\u00edpico huertano. Una vez all\u00ed volvemos a Murcia para visitar los belenes instalados en el Palacio de San Esteban y en el Museo de la Ciudad. En este \u00faltimo punto concluye la ruta. <a href=\"http:\/\/www.wikiloc.com\" target=\"_blank\" rel=\"noreferrer noopener\">Ruta en Wikiloc<\/a>\r\n\r\n\r\n\r\n\r\n\r\n<strong>Duraci\u00f3n:<\/strong> 3 horas\r\n\r\n\r\n\r\n\r\n\r\n<strong>Recomendaciones:<\/strong> Se han de cumplir todas las medidas COVID y restricciones correspondientes a la Regi\u00f3n de Murcia. La circulaci\u00f3n de los menores dentro del grupo es responsabilidad de los padres o tutores y es obligatorio el caso para los menores de 16 a\u00f1os, tanto en ciudad como en v\u00edas interurbanas. Se ir\u00e1n haciendo paradas para reagrupar a todos los participantes, as\u00ed como la reposici\u00f3n de fuerzas e hidrataci\u00f3n. Se recomienda un kit b\u00e1sico de reparaci\u00f3n, que pueden consistir en una bomba de inflado, parches y\/o alguna herramienta\r\n\r\n","protected":false},"excerpt":{"rendered":"<p>Un cl\u00e1sico de la Navidad dentro de Mucia en Bici, la Ruta de los Belenes. Este a\u00f1o va a discurrir por la zona Este de Murcia,<span class=\"excerpt-hellip\"> [\u2026]<\/span><\/p>\n","protected":false},"author":2,"featured_media":269,"comment_status":"closed","ping_status":"closed","sticky":false,"template":"","format":"standard","meta":{"footnotes":""},"categories":[5],"tags":[],"acf":[],"_links":{"self":[{"href":"http:\/\/murciaenbici.org\/index.php?rest_route=\/wp\/v2\/posts\/262"}],"collection":[{"href":"http:\/\/murciaenbici.org\/index.php?rest_route=\/wp\/v2\/posts"}],"about":[{"href":"http:\/\/murciaenbici.org\/index.php?rest_route=\/wp\/v2\/types\/post"}],"author":[{"embeddable":true,"href":"http:\/\/murciaenbici.org\/index.php?rest_route=\/wp\/v2\/users\/2"}],"replies":[{"embeddable":true,"href":"http:\/\/murciaenbici.org\/index.php?rest_route=%2Fwp%2Fv2%2Fcomments&post=262"}],"version-history":[{"count":2,"href":"http:\/\/murciaenbici.org\/index.php?rest_route=\/wp\/v2\/posts\/262\/revisions"}],"predecessor-version":[{"id":276,"href":"http:\/\/murciaenbici.org\/index.php?rest_route=\/wp\/v2\/posts\/262\/revisions\/276"}],"wp:featuredmedia":[{"embeddable":true,"href":"http:\/\/murciaenbici.org\/index.php?rest_route=\/wp\/v2\/media\/269"}],"wp:attachment":[{"href":"http:\/\/murciaenbici.org\/index.php?rest_route=%2Fwp%2Fv2%2Fmedia&parent=262"}],"wp:term":[{"taxonomy":"category","embeddable":true,"href":"http:\/\/murciaenbici.org\/index.php?rest_route=%2Fwp%2Fv2%2Fcategories&post=262"},{"taxonomy":"post_tag","embeddable":true,"href":"http:\/\/murciaenbici.org\/index.php?rest_route=%2Fwp%2Fv2%2Ftags&post=262"}],"curies":[{"name":"wp","href":"https:\/\/api.w.org\/{rel}","templated":true}]}}