{"id":263,"date":"2022-03-01T23:32:39","date_gmt":"2022-03-01T23:32:39","guid":{"rendered":"http:\/\/murciaenbici.org\/?page_id=93"},"modified":"2022-06-17T11:07:18","modified_gmt":"2022-06-17T11:07:18","slug":"ruta-con-encanto-cicloturista-vias-pecuarias-mar-menor-2022","status":"publish","type":"post","link":"http:\/\/murciaenbici.org\/?p=263","title":{"rendered":"Ruta con Encanto Cicloturista: V\u00edas Pecuarias &#8211; Mar Menor 2022"},"content":{"rendered":"\r\n\r\n\r\n\r\nCoincidiendo con la celebraci\u00f3n el 2 de abril del II D\u00eda de las V\u00edas Pecuarias y Caminos P\u00fablicos (<a href=\"https:\/\/picp.es\/convocatorias-defensa-caminos\/2-dia-de-las-vias-pecuarias-y-los-caminos-publicos-2020\/445-iib-dia-de-las-vias-pecuarias-y-los-caminos-publicos\">https:\/\/picp.es\/convocatorias-defensa-caminos\/2-dia-de-las-vias-pecuarias-y-los-caminos-publicos-2020\/445-iib-dia-de-las-vias-pecuarias-y-los-caminos-publicos<\/a>), Murcia en Bici se une a otras asociaciones para visibilizar este patrimonio p\u00fablico y contribuir a su defensa.\r\n\r\n\r\n\r\n\r\n\r\nAntes de su transformaci\u00f3n por la agricultura intensiva, la cuenca del Mar Menor era un destino para reba\u00f1os trashumantes, por sus excepcionales condiciones clim\u00e1ticas para la invernada. Como legado de aquel aprovechamiento estacional de recursos pastables existe una extensa red de 43 v\u00edas pecuarias clasificadas en el Campo de Cartagena (439 kil\u00f3metros y 961 hect\u00e1reas). Estas v\u00edas pecuarias, a pesar de estar consideradas de dominio p\u00fablico y por lo tanto \u201cinembargables, imprescriptibles e inalienables\u201d (Ley 3\/1995, de 23 de marzo de V\u00edas Pecuarias), apenas se han protegido y, de haberse conservado, hubieran desempe\u00f1ado su funci\u00f3n ecol\u00f3gica como barreras verdes, limitando la llegada al Mar Menor de agua y sedimentos contaminados por la agricultura intensiva.\r\n\r\n\r\n\r\n\r\n\r\nLa reciente legislaci\u00f3n sobre el Mar Menor (Ley 3\/2020) incluye el desarrollo de un plan espec\u00edfico para que las v\u00edas pecuarias recuperen su ancho original. Por su parte, la Iniciativa Legislativa Popular en curso que plantea recuperar sus caracter\u00edsticas naturales a partir de una <em>Proposici\u00f3n de Ley para reconocer personalidad jur\u00eddica y derechos propios a la laguna del Mar Menor y su cuenca<\/em>, incluye tambi\u00e9n a las v\u00edas pecuarias en su Art\u00edculo 2.\r\n\r\n\r\n\r\n\r\n\r\n\u00a1An\u00edmate y \u00fanete a nosotros en este d\u00eda!\r\n\r\n\r\n\r\n\r\n\r\nPlazas limitadas, las inscripciones se formalizar\u00e1n por riguroso orden de recepci\u00f3n y pago.\r\n\r\n\r\n\r\n\r\n\r\n<strong>PRECIOS POR PERSONA<\/strong>: Incluye seguro de accidentes los dos d\u00edas de ruta y almuerzo en el Mar Menor el domingo 3 de abril.\r\n\r\n\r\n\r\n\r\n\r\n&#8211;<strong>Socios de Murcia en Bici: actividad gratuita<\/strong>\r\n\r\n\r\n\r\n\r\n\r\n&#8211;<strong>No Socios de Murcia en Bici: 3\u20ac<\/strong>\r\n\r\n\r\n\r\n\r\n\r\n&#8211;<strong>Almuerzo del domingo 3 de abril en el Mar Menor: 4\u20ac<\/strong>\r\n\r\n\r\n\r\n\r\n\r\n<strong>FORMA DE PAGO<\/strong>: Tienes tres formas de hacerlo:\r\n\r\n\r\n\r\n\r\n\r\n&#8211;<strong>Transferencia IBAN<\/strong> a<strong>\u00a0Triodos Bank<\/strong>\u00a0de Murcia en Bici:\u00a0<strong>ES18 1491 0001 2130 0006 3505<\/strong>\r\n\r\n\r\n\r\n\r\n\r\n&#8211;<strong>PayPal<\/strong>, con la direcci\u00f3n de correo electr\u00f3nico: <a href=\"mailto:info@murciaenbici.org\">info@murciaenbici.org<\/a>\r\n\r\n\r\n\r\n\r\n\r\n\u2013<strong>Bizum<\/strong>, en el tel\u00e9fono <strong>600 73 24 34<\/strong>\r\n\r\n\r\n\r\n\r\n\r\n<a href=\"https:\/\/docs.google.com\/forms\/d\/e\/1FAIpQLSdXWZWmPv8qAsutcG8AdhTZzQZ8kWaZg-jqydUi26PXYW7DuQ\/viewform?usp=pp_url\" target=\"_blank\" rel=\"noreferrer noopener\">Utiliza el siguiente enlace para inscribirte (adultos)<\/a>\r\n\r\n\r\n\r\n\r\n\r\n<a href=\"https:\/\/docs.google.com\/forms\/d\/e\/1FAIpQLSe4eOxhK0DXASF_keIhg-qvesEmKejFi0qd6TaWlsTo_P-Odw\/viewform?usp=pp_url\" target=\"_blank\" rel=\"noreferrer noopener\">Utiliza el siguiente enlace para inscribirte (menores)<\/a> &#8211; Ten en cuenta la dificultad y la distancia a cubrir (50, 60 o 110 km) &#8211; Los menores han de ir siempre acompa\u00f1ados por padres o tutores\r\n\r\n\r\n\r\n\r\n\r\nM\u00e1s informaci\u00f3n a trav\u00e9s del siguiente correo electr\u00f3nico: <a href=\"mailto:porviaspecuarias@murciaenbici.org\">porviaspecuarias@murciaenbici.org<\/a>\r\n\r\n\r\n\r\n\r\n\r\n<strong>SALIDA:\u00a0<\/strong>El d\u00eda 2 de abril desde la Plaza de los Patos (Vistabella) y el d\u00eda 3 de abril desde el Molino Quint\u00edn (San Pedro del Pinatar)\r\n\r\n\r\n\r\n\r\n\r\n<strong>INSCRIPCI\u00d3N:\u00a0<\/strong>S\u00ed, es obligatoria. Se realiza rellenando el formulario de inscripci\u00f3n descrito m\u00e1s arriba\r\n\r\n\r\n\r\n\r\n\r\n<strong>DISTANCIA:\u00a0<\/strong> 50 km el s\u00e1bado y 60 km el domingo, aproximadamente\r\n\r\n\r\n\r\n\r\n\r\n<strong>DURACI\u00d3N:\u00a0<\/strong>2 jornadas (110 km)\r\n\r\n\r\n\r\n\r\n\r\n<strong>DIFICULTAD F\u00cdSICA:\u00a0<\/strong>Media. Hay que superar el Puerto del Garruchal, aunque nos reagruparemos arriba para que cada participante pueda subir a su ritmo y disfrutemos de la ascensi\u00f3n. Adem\u00e1s, el viento y las distancias (50-60 km\/d\u00eda) podr\u00edan endurecer alguna de las dos jornadas. En ning\u00fan caso la ruta desde Murcia es apta para personas poco acostumbradas a etapas largas o menores, dada la distancia a recorrer.\r\n\r\n\r\n\r\n\r\n\r\n<strong>DIFICULTAD T\u00c9CNICA:\u00a0<\/strong>MEDIA &#8211; BAJA. Carreteras o caminos agr\u00edcolas asfaltados.\r\n\r\n\r\n\r\n\r\n\r\n<strong>ITINERARIO Y ACTIVIDADES:<\/strong>\r\n\r\n\r\n\r\n\r\n\r\n<hr class=\"wp-block-separator\" \/>\r\n\r\n\r\n\r\n\r\n\r\n<strong>S\u00c1BADO 2 DE ABRIL<\/strong>.\r\n\r\n\r\n\r\n\r\n\r\nEl s\u00e1bado 2 de abril saldremos (9h) desde Murcia hacia San Jos\u00e9 de la Vega, desde donde seguiremos el itinerario de la etapa 20 del Eurovelo, hasta San Pedro del Pinatar (50 km) (<a href=\"https:\/\/www.murciaturistica.es\/es\/eurovelo\/\">https:\/\/www.murciaturistica.es\/es\/eurovelo\/<\/a>). Cruzaremos la Ca\u00f1ada Real de Torreag\u00fcera y ascenderemos durante 8 km por la RM-F13, coincidiendo con la Vereda del Garruchal. En el Collado de las Zorras (km 14) (<a href=\"https:\/\/goo.gl\/maps\/KmWqnvd7b5Un6qcN9\">https:\/\/goo.gl\/maps\/KmWqnvd7b5Un6qcN9<\/a>) nos reagruparemos junto a la Venta del Garruchal, tras lo que iniciaremos el descenso por el trazado del Eurovelo hasta San Pedro del Pinatar.\r\n\r\n\r\n\r\n\r\n\r\nDisfrutaremos de una jornada de pedaleo sin prisas, aprovechando las paradas para comentar el valor y el estado de conservaci\u00f3n de algunas de las v\u00edas pecuarias y otros aspectos medioambientales del entorno. La comida y el alojamiento va por cuenta de cada participante, ya sea p\u00edcnic o en los restaurantes de la zona.\r\n\r\n\r\n\r\n\r\n\r\n<hr class=\"wp-block-separator\" \/>\r\n\r\n\r\n\r\n\r\n\r\n<strong>DOMINGO 3 DE ABRIL<\/strong>.\r\n\r\n\r\n\r\n\r\n\r\nSaldremos (10,30h) desde el Molino Quint\u00edn (San Pedro del Pinatar) para estar a las 11,30h en la Rambla del Albuj\u00f3n, donde se realizar\u00e1 el acto conmemorativo del II d\u00eda de las V\u00edas Pecuarias y Caminos P\u00fablicos, junto a otras asociaciones <a href=\"(https:\/goo.gl\/maps\/sW3XuK4mxPGpUsrk6)\">(https:\/\/goo.gl\/maps\/sW3XuK4mxPGpUsrk6)<\/a>. Tras el acto reivindicativo de la defensa de nuestras v\u00edas pecuarias y el almuerzo, a orillas del Mar Menor, regresaremos a Murcia por Balsicas y el Puerto del Garruchal.\r\n\r\n\r\n\r\n\r\n\r\n<strong>ADVERTENCIA:\u00a0<\/strong>Se recomienda llevar un KIT b\u00e1sico de herramientas (llaves de ajuste, c\u00e1mara de repuesto y\/o parches para pinchazos, bomba de inflado). Esta ruta se convoca como una salida de amigos. Todos los asistentes son responsables de su propia seguridad y de cumplir las normas de tr\u00e1fico establecidas. Recordamos que el Reglamento de Circulaci\u00f3n obliga al uso del casco en v\u00edas interurbanas (tambi\u00e9n en v\u00edas urbanas a los menores de 16 a\u00f1os). El itinerario puede variar por incidencias en el trazado. En el transcurso de la ruta haremos paradas para reagruparnos, reponer fuerzas, hacer fotos, etc. Participar en la ruta supone aceptar las normas y exime a los organizadores de toda responsabilidad. MUCHAS GRACIAS. OS ESPERAMOS EN LA SALIDA\r\n\r\n\r\n\r\n\r\n\r\n","protected":false},"excerpt":{"rendered":"<p>Coincidiendo con la celebraci\u00f3n el 2 de abril del II D\u00eda de las V\u00edas Pecuarias y Caminos P\u00fablicos (https:\/\/picp.es\/convocatorias-defensa-caminos\/2-dia-de-las-vias-pecuarias-y-los-caminos-publicos-2020\/445-iib-dia-de-las-vias-pecuarias-y-los-caminos-publicos), Murcia en Bici se une a otras<span class=\"excerpt-hellip\"> [\u2026]<\/span><\/p>\n","protected":false},"author":2,"featured_media":271,"comment_status":"closed","ping_status":"closed","sticky":false,"template":"","format":"standard","meta":{"footnotes":""},"categories":[5],"tags":[],"acf":[],"_links":{"self":[{"href":"http:\/\/murciaenbici.org\/index.php?rest_route=\/wp\/v2\/posts\/263"}],"collection":[{"href":"http:\/\/murciaenbici.org\/index.php?rest_route=\/wp\/v2\/posts"}],"about":[{"href":"http:\/\/murciaenbici.org\/index.php?rest_route=\/wp\/v2\/types\/post"}],"author":[{"embeddable":true,"href":"http:\/\/murciaenbici.org\/index.php?rest_route=\/wp\/v2\/users\/2"}],"replies":[{"embeddable":true,"href":"http:\/\/murciaenbici.org\/index.php?rest_route=%2Fwp%2Fv2%2Fcomments&post=263"}],"version-history":[{"count":2,"href":"http:\/\/murciaenbici.org\/index.php?rest_route=\/wp\/v2\/posts\/263\/revisions"}],"predecessor-version":[{"id":274,"href":"http:\/\/murciaenbici.org\/index.php?rest_route=\/wp\/v2\/posts\/263\/revisions\/274"}],"wp:featuredmedia":[{"embeddable":true,"href":"http:\/\/murciaenbici.org\/index.php?rest_route=\/wp\/v2\/media\/271"}],"wp:attachment":[{"href":"http:\/\/murciaenbici.org\/index.php?rest_route=%2Fwp%2Fv2%2Fmedia&parent=263"}],"wp:term":[{"taxonomy":"category","embeddable":true,"href":"http:\/\/murciaenbici.org\/index.php?rest_route=%2Fwp%2Fv2%2Fcategories&post=263"},{"taxonomy":"post_tag","embeddable":true,"href":"http:\/\/murciaenbici.org\/index.php?rest_route=%2Fwp%2Fv2%2Ftags&post=263"}],"curies":[{"name":"wp","href":"https:\/\/api.w.org\/{rel}","templated":true}]}}